{"id":3271,"date":"2026-04-28T22:41:44","date_gmt":"2026-04-28T20:41:44","guid":{"rendered":"https:\/\/sbm.wolomin.pl\/?p=3271"},"modified":"2026-04-28T22:41:53","modified_gmt":"2026-04-28T20:41:53","slug":"zaproszenia-na-walne-zgromadzenie-2026","status":"publish","type":"post","link":"https:\/\/sbm.wolomin.pl\/?p=3271","title":{"rendered":"Zaproszenia na Walne Zgromadzenie 2026"},"content":{"rendered":"<p style=\"font-weight: 400; text-align: center;\"><strong><u>Z A W I A D O M I E N I E<\/u><\/strong><\/p>\n<p style=\"font-weight: 400; text-align: center;\"><strong>o\u00a0 zwo\u0142aniu WALNEGO ZGROMADZENIA cz\u0142onk\u00f3w<\/strong><\/p>\n<p style=\"font-weight: 400; text-align: center;\"><strong>Sp\u00f3\u0142dzielni Budownictwa Mieszkaniowego w Wo\u0142ominie<\/strong><\/p>\n<p style=\"font-weight: 400; text-align: justify;\">Zarz\u0105d Sp\u00f3\u0142dzielni Budownictwa Mieszkaniowego w Wo\u0142ominie dzia\u0142aj\u0105c na podstawie \u00a7 51 ust. 1 pkt. 11 oraz \u00a7 20 i \u00a7 23 Statutu<\/p>\n<p style=\"font-weight: 400; text-align: center;\"><strong>z w o \u0142 u j e<\/strong><\/p>\n<p style=\"font-weight: 400; text-align: justify;\"><strong>Walne Zgromadzenie cz\u0142onk\u00f3w Sp\u00f3\u0142dzielni w trzech cz\u0119\u015bciach w nast\u0119puj\u0105cych terminach:<\/strong><\/p>\n<table style=\"font-weight: 400;\">\n<tbody>\n<tr>\n<td width=\"92\"><strong>Data<\/strong><\/td>\n<td width=\"48\"><strong>cz\u0119\u015b\u0107<\/strong><\/td>\n<td width=\"96\"><strong>godzina rozpocz\u0119cia<\/strong><\/td>\n<td width=\"384\"><strong>obejmuj\u0105ca cz\u0142onk\u00f3w, kt\u00f3rym przys\u0142uguj\u0105 tytu\u0142y prawne do lokali<\/strong><\/td>\n<\/tr>\n<tr>\n<td width=\"92\"><strong>08.06.2026<\/strong><\/td>\n<td width=\"48\">I<\/td>\n<td width=\"96\">18<sup>00<\/sup><\/td>\n<td width=\"384\">na Osiedlu S\u0142oneczna, Osiedlu Niepodleg\u0142o\u015bci<\/p>\n<p>w Wo\u0142ominie oraz cz\u0142onk\u00f3w oczekuj\u0105cych<\/td>\n<\/tr>\n<tr>\n<td width=\"92\"><strong>09.06.2026<\/strong><\/td>\n<td width=\"48\">II<\/td>\n<td width=\"96\">18<sup>00<\/sup><\/td>\n<td width=\"384\">na Osiedlu Lipi\u0144ska i na Osiedlu Koby\u0142kowska<\/p>\n<p>w\u00a0Wo\u0142ominie<\/td>\n<\/tr>\n<tr>\n<td width=\"92\"><strong>11.06.2026<\/strong><\/td>\n<td width=\"48\">III<\/td>\n<td width=\"96\">18<sup>00<\/sup><\/td>\n<td width=\"384\">na Osiedlu R\u0119czajska i na Osiedlu Nasz Dom w Koby\u0142ce<\/td>\n<\/tr>\n<\/tbody>\n<\/table>\n<p style=\"font-weight: 400; text-align: justify;\"><strong>I<\/strong>\u00a0 cz\u0119\u015b\u0107 Walnego Zgromadzenia odb\u0119dzie si\u0119 w <strong>Kinie Kultura w Wo\u0142ominie<\/strong> przy ul. Mickiewicza 9.<\/p>\n<p style=\"font-weight: 400; text-align: justify;\"><strong>II<\/strong> cz\u0119\u015b\u0107 Walnego Zgromadzenia odb\u0119dzie si\u0119 w <strong>Powiatowym Centrum Kultury Fabryczka<\/strong><br \/>\n<strong>w Wo\u0142ominie<\/strong> przy ul. Orwida 20.<\/p>\n<p style=\"font-weight: 400; text-align: justify;\"><strong>III <\/strong>cz\u0119\u015b\u0107 Walnego Zgromadzenia odb\u0119dzie si\u0119 w <strong>Miejskim O\u015brodku Kultury w Koby\u0142ce<br \/>\n<\/strong>aleja Jana Paw\u0142a II 22.<\/p>\n<p style=\"font-weight: 400; text-align: justify;\">Cz\u0142onkowie SBM w Wo\u0142ominie maj\u0105 prawo do zapoznania si\u0119 ze sprawozdaniami i projektami uchwa\u0142 b\u0119d\u0105cymi przedmiotem obrad. Powy\u017csze materia\u0142y zostan\u0105 wy\u0142o\u017cone w dniach od 22.05.2026 r. do 07.06.2026 r., w godzinach od 12<sup>00<\/sup> do 14<sup>00<\/sup> w siedzibie Sp\u00f3\u0142dzielni przy Al. Niepodleg\u0142o\u015bci 17 w Wo\u0142ominie w pokoju nr 13 oraz w siedzibach Administracji w godzinach ich pracy, a tak\u017ce zostan\u0105 umieszczone na stronie internetowej Sp\u00f3\u0142dzielni\u00a0\u00a0 (E-BOK).\u00a0 Cz\u0142onkowie maj\u0105 mo\u017cliwo\u015b\u0107 zg\u0142aszania kandydat\u00f3w na cz\u0142onk\u00f3w Rady Nadzorczej w terminie do 15 dni przed dniem pierwszego posiedzenia Walnego Zgromadzenia tj. do dnia 25.05.2026 r. (druk zg\u0142oszenia kandydata mo\u017cna pobra\u0107 w siedzibie Sp\u00f3\u0142dzielni lub ze strony internetowej). <u>Nale\u017cy zabra\u0107 ze sob\u0105 dow\u00f3d osobisty.<\/u>\u00a0 Porz\u0105dek obrad Walnego Zgromadzenia stanowi za\u0142\u0105cznik do niniejszego Zawiadomienia.<\/p>\n<p style=\"font-weight: 400; text-align: justify;\">USTAWA z dnia 4 grudnia 2025 r. o zmianie ustawy o sp\u00f3\u0142dzielniach mieszkaniowych oraz niekt\u00f3rych innych ustaw1) Art. 1. W ustawie z dnia 15 grudnia 2000 r. o sp\u00f3\u0142dzielniach mieszkaniowych (Dz. U. z 2024 r. poz. 558 oraz z 2025 r. poz. 1077) wprowadza si\u0119 nast\u0119puj\u0105ce zmiany: 1) w art. 83 po ust. 11 dodaje si\u0119 ust. 12\u201316 w brzmieniu: \u201e12. Pe\u0142nomocnikiem cz\u0142onka sp\u00f3\u0142dzielni b\u0119d\u0105cego osob\u0105 fizyczn\u0105 mo\u017ce by\u0107: 1) osoba bliska cz\u0142onka z wy\u0142\u0105czeniem os\u00f3b pozostaj\u0105cych faktycznie we wsp\u00f3lnym po\u017cyciu; 2) adwokat lub radca prawny 3); inny cz\u0142onek tej samej sp\u00f3\u0142dzielni. 13. Do pe\u0142nomocnictwa udzielonego osobie bliskiej do\u0142\u0105cza si\u0119 o\u015bwiadczenie, w kt\u00f3rym pe\u0142nomocnik potwierdza pod rygorem odpowiedzialno\u015bci karnej za sk\u0142adanie fa\u0142szywych o\u015bwiadcze\u0144, wynikaj\u0105cej z art. 273a, \u017ce spe\u0142nia wym\u00f3g, o kt\u00f3rym mowa w ust. 12 pkt 1. W o\u015bwiadczeniu zamieszcza si\u0119 klauzul\u0119 w brzmieniu: \u201eJestem \u015bwiadomy odpowiedzialno\u015bci karnej za z\u0142o\u017cenie fa\u0142szywego o\u015bwiadczenia.\u201d. 14. Pe\u0142nomocnictwo udzielone osobie bliskiej bez do\u0142\u0105czonego o\u015bwiadczenia, o kt\u00f3rym mowa w ust. 13 zdanie pierwsze, jest niewa\u017cne. 15. Cz\u0142onek sp\u00f3\u0142dzielni lub pe\u0142nomocnik jest obowi\u0105zany do dor\u0119czenia sp\u00f3\u0142dzielni pe\u0142nomocnictwa, a w przypadku gdy pe\u0142nomocnikiem jest osoba bliska cz\u0142onka \u2013 r\u00f3wnie\u017c o\u015bwiadczenia, o kt\u00f3rym mowa w ust. 13 zdanie pierwsze, <u>nie p\u00f3\u017aniej ni\u017c 3 dni przed terminem posiedzenia <\/u>walnego zgromadzenia lub jego pierwszej cz\u0119\u015bci. 16 . Pe\u0142nomocnik nie mo\u017ce bra\u0107 udzia\u0142u w g\u0142osowaniu, kt\u00f3rego przedmiotem jest wyb\u00f3r i odwo\u0142anie cz\u0142onk\u00f3w rady nadzorczej lub cz\u0142onk\u00f3w zarz\u0105du sp\u00f3\u0142dzielni.\u201d;<\/p>\n<p style=\"font-weight: 400;\">Pobierz za\u0142\u0105czniki:<\/p>\n<ol>\n<li><a href=\"https:\/\/sbm.wolomin.pl\/wp-content\/uploads\/2026\/04\/Zawiadomienie-ogolne.pdf\">Zawiadomienie og\u00f3lne<\/a><\/li>\n<li><a href=\"https:\/\/sbm.wolomin.pl\/wp-content\/uploads\/2026\/04\/Zawiadomienie-I-czesc.pdf\">Zawiadomienie I cz\u0119\u015b\u0107<\/a><\/li>\n<li><a href=\"https:\/\/sbm.wolomin.pl\/wp-content\/uploads\/2026\/04\/Zawiadomienie-II-czesc.pdf\">Zawiadomienie II cz\u0119\u015b\u0107<\/a><\/li>\n<li><a href=\"https:\/\/sbm.wolomin.pl\/wp-content\/uploads\/2026\/04\/Zawiadomienie-III-czesc.pdf\">Zawiadomienie III cz\u0119\u015b\u0107<\/a><\/li>\n<li><a href=\"https:\/\/sbm.wolomin.pl\/wp-content\/uploads\/2026\/04\/Ustawa-z-dnia-4-grudnia.pdf\">Ustawa z dnia 4 grudnia<\/a><\/li>\n<li><a href=\"https:\/\/sbm.wolomin.pl\/wp-content\/uploads\/2026\/04\/Porzadek-obrad-2026.pdf\">Porz\u0105dek obrad 2026<\/a><\/li>\n<li><a href=\"https:\/\/sbm.wolomin.pl\/wp-content\/uploads\/2026\/04\/KARTA-ZGLOSZENIA-KANDYDATA-NA-CZLONKA-RADY-NADZORCZEJ.pdf\">KARTA ZG\u0141OSZENIA KANDYDATA NA CZ\u0141ONKA RADY NADZORCZEJ<\/a><\/li>\n<li><a href=\"https:\/\/sbm.wolomin.pl\/wp-content\/uploads\/2026\/04\/PELNOMOCNICTWO-DLA-PELNOMOCNIKA-OSOBY-PRAWNEJ-CZLONKA-SPOLDZIELNI.pdf\">PE\u0141NOMOCNICTWO DLA PE\u0141NOMOCNIKA OSOBY PRAWNEJ-CZ\u0141ONKA SP\u00d3\u0141DZIELNI<\/a><\/li>\n<li><a href=\"https:\/\/sbm.wolomin.pl\/wp-content\/uploads\/2026\/04\/PELNOMOCNICTWO-DLA-OSOBY-BLISKIEJ-I-OSWIADCZENIE-PELNOMOCNIKA-OSOBY-BLISKIEJ.pdf\">PE\u0141NOMOCNICTWO DLA OSOBY BLISKIEJ I O\u015aWIADCZENIE PE\u0141NOMOCNIKA OSOBY BLISKIEJ<\/a><\/li>\n<li><a href=\"https:\/\/sbm.wolomin.pl\/wp-content\/uploads\/2026\/04\/PELNOMOCNICTWO-DLA-OSOBY-BLISKIEJ-I-OSWIADCZENIE-PELNOMOCNIKA-OSOBY-BLISKIEJ-1.pdf\">PE\u0141NOMOCNICTWO DLA OSOBY BLISKIEJ I O\u015aWIADCZENIE PE\u0141NOMOCNIKA OSOBY BLISKIEJ-1<\/a><\/li>\n<li><a href=\"https:\/\/sbm.wolomin.pl\/wp-content\/uploads\/2026\/04\/PELNOMOCNICTWO-DLA-INNEGO-CZLONKA-SPOLDZIELNI.pdf\">PE\u0141NOMOCNICTWO DLA INNEGO CZ\u0141ONKA SP\u00d3\u0141DZIELNI<\/a><\/li>\n<li><a href=\"https:\/\/sbm.wolomin.pl\/wp-content\/uploads\/2026\/04\/PELNOMOCNICTWO-DLA-ADWOKATA-RADCY-PRAWNEGO.pdf\">PE\u0141NOMOCNICTWO DLA ADWOKATA RADCY PRAWNEGO<\/a><\/li>\n<li><a href=\"https:\/\/sbm.wolomin.pl\/wp-content\/uploads\/2026\/04\/KARTA-ZGLOSZENIA-KANDYDATA-NA-CZLONKA-RADY-NADZORCZEJ.pdf\">KARTA ZG\u0141OSZENIA KANDYDATA NA CZ\u0141ONKA RADY NADZORCZEJ<\/a><\/li>\n<\/ol>\n<p>&nbsp;<\/p>\n","protected":false},"excerpt":{"rendered":"<p>Z A W I A D O M I E N I E o\u00a0 zwo\u0142aniu WALNEGO ZGROMADZENIA cz\u0142onk\u00f3w Sp\u00f3\u0142dzielni Budownictwa Mieszkaniowego w Wo\u0142ominie Zarz\u0105d Sp\u00f3\u0142dzielni&hellip; <\/p>\n","protected":false},"author":1,"featured_media":3284,"comment_status":"closed","ping_status":"closed","sticky":false,"template":"","format":"standard","meta":{"_jetpack_memberships_contains_paid_content":false,"footnotes":""},"categories":[5,4,3,37],"tags":[],"class_list":["post-3271","post","type-post","status-publish","format-standard","has-post-thumbnail","hentry","category-aktualnosci","category-informacje","category-ogloszenia","category-walne-zgromadzenie-2026"],"jetpack_featured_media_url":"https:\/\/sbm.wolomin.pl\/wp-content\/uploads\/2026\/04\/walne26.jpg","jetpack_sharing_enabled":true,"publishpress_future_action":{"enabled":false,"date":"2026-05-10 12:54:00","action":"change-status","newStatus":"draft","terms":[],"taxonomy":"category","extraData":[]},"publishpress_future_workflow_manual_trigger":{"enabledWorkflows":[]},"_links":{"self":[{"href":"https:\/\/sbm.wolomin.pl\/index.php?rest_route=\/wp\/v2\/posts\/3271","targetHints":{"allow":["GET"]}}],"collection":[{"href":"https:\/\/sbm.wolomin.pl\/index.php?rest_route=\/wp\/v2\/posts"}],"about":[{"href":"https:\/\/sbm.wolomin.pl\/index.php?rest_route=\/wp\/v2\/types\/post"}],"author":[{"embeddable":true,"href":"https:\/\/sbm.wolomin.pl\/index.php?rest_route=\/wp\/v2\/users\/1"}],"replies":[{"embeddable":true,"href":"https:\/\/sbm.wolomin.pl\/index.php?rest_route=%2Fwp%2Fv2%2Fcomments&post=3271"}],"version-history":[{"count":2,"href":"https:\/\/sbm.wolomin.pl\/index.php?rest_route=\/wp\/v2\/posts\/3271\/revisions"}],"predecessor-version":[{"id":3286,"href":"https:\/\/sbm.wolomin.pl\/index.php?rest_route=\/wp\/v2\/posts\/3271\/revisions\/3286"}],"wp:featuredmedia":[{"embeddable":true,"href":"https:\/\/sbm.wolomin.pl\/index.php?rest_route=\/wp\/v2\/media\/3284"}],"wp:attachment":[{"href":"https:\/\/sbm.wolomin.pl\/index.php?rest_route=%2Fwp%2Fv2%2Fmedia&parent=3271"}],"wp:term":[{"taxonomy":"category","embeddable":true,"href":"https:\/\/sbm.wolomin.pl\/index.php?rest_route=%2Fwp%2Fv2%2Fcategories&post=3271"},{"taxonomy":"post_tag","embeddable":true,"href":"https:\/\/sbm.wolomin.pl\/index.php?rest_route=%2Fwp%2Fv2%2Ftags&post=3271"}],"curies":[{"name":"wp","href":"https:\/\/api.w.org\/{rel}","templated":true}]}}