{"id":3102,"date":"2025-09-26T11:15:06","date_gmt":"2025-09-26T09:15:06","guid":{"rendered":"https:\/\/sbm.wolomin.pl\/?p=3102"},"modified":"2025-10-15T12:06:21","modified_gmt":"2025-10-15T10:06:21","slug":"przerwa-w-dostawie-ciepla-30-wrzesnia-2025-r","status":"publish","type":"post","link":"https:\/\/sbm.wolomin.pl\/?p=3102","title":{"rendered":"Przerwa w dostawie ciep\u0142a 30 wrze\u015bnia 2025 r."},"content":{"rendered":"<p style=\"text-align: justify;\" data-start=\"412\" data-end=\"637\">S. B. M. w Wo\u0142ominie informuje, \u017ce zgodnie z przekazanym komunikatem przez <strong data-start=\"492\" data-end=\"545\">Zak\u0142ad Energetyki Cieplnej w Wo\u0142ominie Sp. z o.o.<\/strong>, we wtorek <strong data-start=\"557\" data-end=\"580\">30 wrze\u015bnia 2025 r.<\/strong> nast\u0105pi planowana przerwa w dostawie energii cieplnej.<\/p>\n<p style=\"text-align: justify;\" data-start=\"639\" data-end=\"753\">Przerwa potrwa w godzinach <strong data-start=\"666\" data-end=\"686\">od 7:00 do 22:00<\/strong> i dotyczy\u0107 b\u0119dzie budynk\u00f3w zlokalizowanych przy ulicy Fieldorfa:<\/p>\n<div class=\"_tableContainer_1rjym_1\">\n<div class=\"group _tableWrapper_1rjym_13 flex w-fit flex-col-reverse\" tabindex=\"-1\">\n<table class=\"w-fit min-w-(--thread-content-width)\" data-start=\"586\" data-end=\"740\">\n<thead data-start=\"586\" data-end=\"610\">\n<tr data-start=\"586\" data-end=\"610\">\n<th data-start=\"586\" data-end=\"591\" data-col-size=\"sm\">Lp<\/th>\n<th data-start=\"591\" data-end=\"610\" data-col-size=\"sm\">Adres budynku<\/th>\n<\/tr>\n<\/thead>\n<tbody data-start=\"637\" data-end=\"740\">\n<tr data-start=\"637\" data-end=\"662\">\n<td data-start=\"637\" data-end=\"642\" data-col-size=\"sm\">1<\/td>\n<td data-start=\"642\" data-end=\"662\" data-col-size=\"sm\">Fieldorfa 14<\/td>\n<\/tr>\n<tr data-start=\"663\" data-end=\"688\">\n<td data-start=\"663\" data-end=\"668\" data-col-size=\"sm\">2<\/td>\n<td data-start=\"668\" data-end=\"688\" data-col-size=\"sm\">Fieldorfa 16<\/td>\n<\/tr>\n<tr data-start=\"689\" data-end=\"714\">\n<td data-start=\"689\" data-end=\"694\" data-col-size=\"sm\">3<\/td>\n<td data-start=\"694\" data-end=\"714\" data-col-size=\"sm\">Fieldorfa 18<\/td>\n<\/tr>\n<tr data-start=\"715\" data-end=\"740\">\n<td data-start=\"715\" data-end=\"720\" data-col-size=\"sm\">4<\/td>\n<td data-start=\"720\" data-end=\"740\" data-col-size=\"sm\">Fieldorfa 20<\/td>\n<\/tr>\n<\/tbody>\n<\/table>\n<\/div>\n<\/div>\n<p style=\"text-align: justify;\" data-start=\"848\" data-end=\"1098\">Wy\u0142\u0105czenie sieci ciep\u0142owniczej zwi\u0105zane jest z przebudow\u0105 przy\u0142\u0105cza ciep\u0142owniczego do modernizowanego przez <strong data-start=\"956\" data-end=\"973\">Gmin\u0119 Wo\u0142omin<\/strong> budynku \u017c\u0142obka przy ul. Fieldorfa 22. Prace te wymagaj\u0105 czasowego odci\u0119cia dop\u0142ywu ciep\u0142a w wymienionych nieruchomo\u015bciach.<\/p>\n<p style=\"text-align: justify;\" data-start=\"1141\" data-end=\"1365\">Og\u0142oszenia z informacj\u0105 o przerwie w dostawie ciep\u0142ej wody zostan\u0105 umieszczone na klatkach schodowych przez pracownik\u00f3w ZEC. Sp\u00f3\u0142dzielnia pozostaje w bie\u017c\u0105cym kontakcie z dostawc\u0105 ciep\u0142a i b\u0119dzie monitorowa\u0107 przebieg prac.<\/p>\n<p style=\"text-align: justify;\" data-start=\"1399\" data-end=\"1637\">Zar\u00f3wno ZEC Wo\u0142omin, jak i Sp\u00f3\u0142dzielnia Mieszkaniowa zdaj\u0105 sobie spraw\u0119 z uci\u0105\u017cliwo\u015bci zwi\u0105zanych z przerw\u0105 w dostawie ciep\u0142a. Zapewniono nas, \u017ce do\u0142o\u017cone zostan\u0105 wszelkie starania, aby czas wy\u0142\u0105czenia ograniczy\u0107 do niezb\u0119dnego minimum.<\/p>\n<p data-start=\"1653\" data-end=\"1819\">W przypadku pyta\u0144 lub w\u0105tpliwo\u015bci mieszka\u0144cy mog\u0105 kontaktowa\u0107 si\u0119 z administracj\u0105 sp\u00f3\u0142dzielni lub bezpo\u015brednio z Zak\u0142adem Energetyki Cieplnej w Wo\u0142ominie Sp. z o.o.<\/p>\n<p style=\"text-align: justify;\" data-start=\"1821\" data-end=\"1894\">Za niedogodno\u015bci serdecznie przepraszamy i dzi\u0119kujemy za wyrozumia\u0142o\u015b\u0107.<\/p>\n<p data-start=\"1896\" data-end=\"1934\"><strong data-start=\"1896\" data-end=\"1932\">Zarz\u0105d S. B. M. w Wo\u0142ominie<\/strong><\/p>\n","protected":false},"excerpt":{"rendered":"<p>S. B. M. w Wo\u0142ominie informuje, \u017ce zgodnie z przekazanym komunikatem przez Zak\u0142ad Energetyki Cieplnej w Wo\u0142ominie Sp. z o.o., we wtorek 30 wrze\u015bnia 2025&hellip; <\/p>\n","protected":false},"author":3,"featured_media":2646,"comment_status":"closed","ping_status":"closed","sticky":false,"template":"","format":"standard","meta":{"_jetpack_memberships_contains_paid_content":false,"footnotes":""},"categories":[6],"tags":[],"class_list":["post-3102","post","type-post","status-publish","format-standard","has-post-thumbnail","hentry","category-archiwum"],"jetpack_featured_media_url":"https:\/\/sbm.wolomin.pl\/wp-content\/uploads\/2024\/08\/zec.jpg","jetpack_sharing_enabled":true,"publishpress_future_action":{"enabled":false,"date":"2026-05-10 10:28:34","action":"change-status","newStatus":"draft","terms":[],"taxonomy":"category","extraData":[]},"publishpress_future_workflow_manual_trigger":{"enabledWorkflows":[]},"_links":{"self":[{"href":"https:\/\/sbm.wolomin.pl\/index.php?rest_route=\/wp\/v2\/posts\/3102","targetHints":{"allow":["GET"]}}],"collection":[{"href":"https:\/\/sbm.wolomin.pl\/index.php?rest_route=\/wp\/v2\/posts"}],"about":[{"href":"https:\/\/sbm.wolomin.pl\/index.php?rest_route=\/wp\/v2\/types\/post"}],"author":[{"embeddable":true,"href":"https:\/\/sbm.wolomin.pl\/index.php?rest_route=\/wp\/v2\/users\/3"}],"replies":[{"embeddable":true,"href":"https:\/\/sbm.wolomin.pl\/index.php?rest_route=%2Fwp%2Fv2%2Fcomments&post=3102"}],"version-history":[{"count":1,"href":"https:\/\/sbm.wolomin.pl\/index.php?rest_route=\/wp\/v2\/posts\/3102\/revisions"}],"predecessor-version":[{"id":3103,"href":"https:\/\/sbm.wolomin.pl\/index.php?rest_route=\/wp\/v2\/posts\/3102\/revisions\/3103"}],"wp:featuredmedia":[{"embeddable":true,"href":"https:\/\/sbm.wolomin.pl\/index.php?rest_route=\/wp\/v2\/media\/2646"}],"wp:attachment":[{"href":"https:\/\/sbm.wolomin.pl\/index.php?rest_route=%2Fwp%2Fv2%2Fmedia&parent=3102"}],"wp:term":[{"taxonomy":"category","embeddable":true,"href":"https:\/\/sbm.wolomin.pl\/index.php?rest_route=%2Fwp%2Fv2%2Fcategories&post=3102"},{"taxonomy":"post_tag","embeddable":true,"href":"https:\/\/sbm.wolomin.pl\/index.php?rest_route=%2Fwp%2Fv2%2Ftags&post=3102"}],"curies":[{"name":"wp","href":"https:\/\/api.w.org\/{rel}","templated":true}]}}