{"id":2759,"date":"2024-11-16T14:25:47","date_gmt":"2024-11-16T12:25:47","guid":{"rendered":"https:\/\/sbm.wolomin.pl\/?p=2759"},"modified":"2024-11-18T00:17:46","modified_gmt":"2024-11-17T22:17:46","slug":"petycja-ws-dzikow","status":"publish","type":"post","link":"https:\/\/sbm.wolomin.pl\/?p=2759","title":{"rendered":"Petycja ws dzik\u00f3w"},"content":{"rendered":"<p style=\"text-align: justify;\">Z rado\u015bci\u0105 obserwujemy, jak mieszka\u0144cy Wo\u0142omina coraz bardziej anga\u017cuj\u0105 si\u0119 w dzia\u0142ania maj\u0105ce na celu zwr\u00f3cenie uwagi na problem dzik\u00f3w, kt\u00f3re grasuj\u0105 na naszych osiedlach. To niezwykle istotny g\u0142os spo\u0142eczno\u015bci, wskazuj\u0105cy na rosn\u0105ce poczucie zagro\u017cenia oraz piln\u0105 potrzeb\u0119 skutecznego dzia\u0142ania ze strony odpowiedzialnych instytucji.<\/p>\n<p style=\"text-align: justify;\">Dziki stanowi\u0105 realne zagro\u017cenie dla bezpiecze\u0144stwa ludzi i zwierz\u0105t. Jednocze\u015bnie niszcz\u0105 tereny zielone, co negatywnie wp\u0142ywa na estetyk\u0119 naszych osiedli oraz jako\u015b\u0107 \u017cycia mieszka\u0144c\u00f3w. Zarz\u0105d Sp\u00f3\u0142dzielni Budownictwa Mieszkaniowego w Wo\u0142ominie od dawna apeluje do organ\u00f3w samorz\u0105dowych o podj\u0119cie konkretnych dzia\u0142a\u0144 w tej sprawie, a mieszka\u0144cy, poprzez wsp\u00f3lne dzia\u0142ania, wzmacniaj\u0105 ten przekaz.<\/p>\n<p style=\"text-align: justify;\">Nie ustajemy w staraniach, aby zniszczone przez dziki trawniki i tereny zielone zosta\u0142y zrewitalizowane przez instytucje odpowiedzialne za dzikie zwierz\u0119ta. Wasze wsparcie w tej sprawie jest niezwykle cenne i kluczowe.<\/p>\n<p style=\"text-align: justify;\">Zach\u0119camy wszystkich mieszka\u0144c\u00f3w do poparcia petycji poprzez jej podpisanie oraz kontakt z odpowiednimi organami \u2013 w tym przypadku Starostwem Powiatowym w Wo\u0142ominie (poprzez pisma, maile lub telefony). Wsp\u00f3lnie mo\u017cemy wp\u0142yn\u0105\u0107 na skuteczno\u015b\u0107 dzia\u0142a\u0144 i przywr\u00f3cenie porz\u0105dku w naszym otoczeniu.<\/p>\n<p style=\"text-align: justify;\">Link do tre\u015bci petycji -&gt; <a href=\"https:\/\/samorzad.gov.pl\/attachment\/69c449bf-6ea5-4152-b938-a6868af31f8d\">PETYCJA ws DZIK\u00d3W (SPW)<\/a><\/p>\n<p style=\"text-align: justify;\"><a href=\"https:\/\/samorzad.gov.pl\/web\/powiat-wolominski\/petycje-zlozone-do-starosty-i-zarzadu-powiatu-wolominskiego\">Petycje kierowane do Starosty i Zarz\u0105du Powiatu &#8211; Powiat Wo\u0142omi\u0144ski &#8211; Portal gov.pl<\/a><\/p>\n<p style=\"text-align: justify;\">Dzi\u0119kujemy za Wasze zaanga\u017cowanie i wsparcie! Wsp\u00f3lnie mo\u017cemy osi\u0105gn\u0105\u0107 wi\u0119cej.<\/p>\n","protected":false},"excerpt":{"rendered":"<p>Z rado\u015bci\u0105 obserwujemy, jak mieszka\u0144cy Wo\u0142omina coraz bardziej anga\u017cuj\u0105 si\u0119 w dzia\u0142ania maj\u0105ce na celu zwr\u00f3cenie uwagi na problem dzik\u00f3w, kt\u00f3re grasuj\u0105 na naszych osiedlach.&hellip; <\/p>\n","protected":false},"author":1,"featured_media":2761,"comment_status":"closed","ping_status":"closed","sticky":false,"template":"","format":"standard","meta":{"_jetpack_memberships_contains_paid_content":false,"footnotes":""},"categories":[5,21,32,4,15],"tags":[],"class_list":["post-2759","post","type-post","status-publish","format-standard","has-post-thumbnail","hentry","category-aktualnosci","category-coevitio","category-dziki-problem","category-informacje","category-poradnik-mieszkanca"],"jetpack_featured_media_url":"https:\/\/sbm.wolomin.pl\/wp-content\/uploads\/2024\/11\/dziki-problem.jpg","jetpack_sharing_enabled":true,"publishpress_future_action":{"enabled":false,"date":"2026-05-10 10:26:20","action":"change-status","newStatus":"draft","terms":[],"taxonomy":"category","extraData":[]},"publishpress_future_workflow_manual_trigger":{"enabledWorkflows":[]},"_links":{"self":[{"href":"https:\/\/sbm.wolomin.pl\/index.php?rest_route=\/wp\/v2\/posts\/2759","targetHints":{"allow":["GET"]}}],"collection":[{"href":"https:\/\/sbm.wolomin.pl\/index.php?rest_route=\/wp\/v2\/posts"}],"about":[{"href":"https:\/\/sbm.wolomin.pl\/index.php?rest_route=\/wp\/v2\/types\/post"}],"author":[{"embeddable":true,"href":"https:\/\/sbm.wolomin.pl\/index.php?rest_route=\/wp\/v2\/users\/1"}],"replies":[{"embeddable":true,"href":"https:\/\/sbm.wolomin.pl\/index.php?rest_route=%2Fwp%2Fv2%2Fcomments&post=2759"}],"version-history":[{"count":3,"href":"https:\/\/sbm.wolomin.pl\/index.php?rest_route=\/wp\/v2\/posts\/2759\/revisions"}],"predecessor-version":[{"id":2776,"href":"https:\/\/sbm.wolomin.pl\/index.php?rest_route=\/wp\/v2\/posts\/2759\/revisions\/2776"}],"wp:featuredmedia":[{"embeddable":true,"href":"https:\/\/sbm.wolomin.pl\/index.php?rest_route=\/wp\/v2\/media\/2761"}],"wp:attachment":[{"href":"https:\/\/sbm.wolomin.pl\/index.php?rest_route=%2Fwp%2Fv2%2Fmedia&parent=2759"}],"wp:term":[{"taxonomy":"category","embeddable":true,"href":"https:\/\/sbm.wolomin.pl\/index.php?rest_route=%2Fwp%2Fv2%2Fcategories&post=2759"},{"taxonomy":"post_tag","embeddable":true,"href":"https:\/\/sbm.wolomin.pl\/index.php?rest_route=%2Fwp%2Fv2%2Ftags&post=2759"}],"curies":[{"name":"wp","href":"https:\/\/api.w.org\/{rel}","templated":true}]}}