{"id":2635,"date":"2024-08-06T13:11:40","date_gmt":"2024-08-06T11:11:40","guid":{"rendered":"https:\/\/sbm.wolomin.pl\/?p=2635"},"modified":"2024-08-07T23:13:36","modified_gmt":"2024-08-07T21:13:36","slug":"protokol-kolegium","status":"publish","type":"post","link":"https:\/\/sbm.wolomin.pl\/?p=2635","title":{"rendered":"Protok\u00f3\u0142 Kolegium"},"content":{"rendered":"<p>w sk\u0142adzie:<\/p>\n<p>Przewodnicz\u0105ca obrad I cz\u0119\u015bci Walnego Zgromadzenia &#8211; Dorota Paczek<br \/>\nSekretarz obrad I cz\u0119\u015bci Walnego Zgromadzenia &#8211; Agnieszka Kulesza<\/p>\n<p>Przewodnicz\u0105cy obrad II cz\u0119\u015bci Walnego Zgromadzenia &#8211; Damian Rosi\u0144ski<br \/>\nSekretarz obrad II cz\u0119\u015bci Walnego Zgromadzenia &#8211; Eugeniusz Dembi\u0144ski<\/p>\n<p>Przewodnicz\u0105cy obrad III cz\u0119\u015bci Walnego Zgromadzenia &#8211; Barbara B\u0142aszczyk<br \/>\nSekretarz obrad III cz\u0119\u015bci Walnego Zgromadzenia &#8211; Zofia Niemyjska \u2013 Polak<\/p>\n<p style=\"text-align: justify;\">Dzia\u0142aj\u0105c na podstawie \u00a7 34 Statutu Sp\u00f3\u0142dzielni, po zbadaniu protoko\u0142\u00f3w obrad Zebra\u0144 I, II i III cz\u0119\u015bci Walnego Zgromadzenia Cz\u0142onk\u00f3w Sp\u00f3\u0142dzielni Budownictwa Mieszkaniowego w Wo\u0142ominie odbytych w dniach 10, 11, 12 czerwca 2024 r. oraz po przeprowadzonych na tych Zebraniach g\u0142osowaniach nad poszczeg\u00f3lnymi uchwa\u0142ami Kolegium stwierdza, \u017ce:<\/p>\n<p style=\"text-align: justify;\">1. Za uchwa\u0142\u0105 nr 1\/WZ\/2024 o zatwierdzeniu sprawozdania Rady Nadzorczej SBM w Wo\u0142ominie za 2023 rok g\u0142osowa\u0142o 159 cz\u0142onk\u00f3w, przeciw uchwale g\u0142osowa\u0142 1 cz\u0142onek, wstrzyma\u0142o si\u0119 od g\u0142osu 6 cz\u0142onk\u00f3w.<br \/>\nZatem uchwa\u0142a zosta\u0142a przyj\u0119ta, uchwa\u0142a stanowi za\u0142\u0105cznik nr 1 do protoko\u0142u.<\/p>\n<p style=\"text-align: justify;\">2. Za uchwa\u0142\u0105 nr 2\/WZ\/2024 o zatwierdzeniu sprawozdania Zarz\u0105du SBM w Wo\u0142ominie za 2023 rok g\u0142osowa\u0142o 154 cz\u0142onk\u00f3w, przeciw uchwale g\u0142osowa\u0142 1 cz\u0142onek, wstrzyma\u0142o si\u0119 od g\u0142osu 6 cz\u0142onk\u00f3w.<br \/>\nZatem uchwa\u0142a zosta\u0142a przyj\u0119ta, uchwa\u0142a stanowi za\u0142\u0105cznik nr 2 do protoko\u0142u.<\/p>\n<p style=\"text-align: justify;\">3. Za uchwa\u0142\u0105 nr 3\/WZ\/2024 o zatwierdzeniu sprawozdania finansowego Sp\u00f3\u0142dzielni za 2023 rok g\u0142osowa\u0142o 160 cz\u0142onk\u00f3w, przeciw uchwale g\u0142osowa\u0142o 0 cz\u0142onk\u00f3w, wstrzyma\u0142o si\u0119 od g\u0142osu 6 cz\u0142onk\u00f3w.<br \/>\nZatem uchwa\u0142a zosta\u0142a przyj\u0119ta, uchwa\u0142a stanowi za\u0142\u0105cznik nr 3 do protoko\u0142u.<\/p>\n<p style=\"text-align: justify;\">4. Za uchwa\u0142\u0105 nr 4\/WZ\/2024 udzielaj\u0105c\u0105 absolutorium Prezesowi Zarz\u0105du Sp\u00f3\u0142dzielni W\u0142odzimierzowi Jarnutowskiemu za okres od 1.01.2023 r. do 26.06.2023 r. g\u0142osowa\u0142o 67 cz\u0142onk\u00f3w, przeciw uchwale g\u0142osowa\u0142o 69 cz\u0142onk\u00f3w, wstrzyma\u0142o si\u0119 od g\u0142osu 14 cz\u0142onk\u00f3w.<br \/>\nZatem uchwa\u0142a nie zosta\u0142a przyj\u0119ta, uchwa\u0142a stanowi za\u0142\u0105cznik nr 4 do protoko\u0142u.<\/p>\n<p style=\"text-align: justify;\">5. Za uchwa\u0142\u0105 nr 5\/WZ\/2024 udzielaj\u0105c\u0105 absolutorium Zast\u0119pcy Prezesa Zarz\u0105du Sp\u00f3\u0142dzielni Agnieszce Urmanowskiej za okres od 1.01.2023 r. do 26.06.2023 r. g\u0142osowa\u0142o 34 cz\u0142onk\u00f3w, przeciw uchwale g\u0142osowa\u0142o 99 cz\u0142onk\u00f3w, wstrzyma\u0142o si\u0119 od g\u0142osu 20 cz\u0142onk\u00f3w.<br \/>\nZatem uchwa\u0142a nie zosta\u0142a przyj\u0119ta, uchwa\u0142a stanowi za\u0142\u0105cznik nr 5 do protoko\u0142u.<\/p>\n<p style=\"text-align: justify;\">6. Za uchwa\u0142\u0105 nr 6\/WZ\/2024 udzielaj\u0105c\u0105 absolutorium cz\u0142onkowi Rady Nadzorczej pe\u0142ni\u0105cemu funkcj\u0119 cz\u0142onka Zarz\u0105du p.o. Prezesa Zarz\u0105du Sp\u00f3\u0142dzielni Marzenie Karczewskiej \u2013 Rafalskiej za okres od 27.06.2023 r. do 31.12.2023 r. g\u0142osowa\u0142o 143 cz\u0142onk\u00f3w, przeciw uchwale g\u0142osowa\u0142o 0 cz\u0142onk\u00f3w, wstrzyma\u0142o si\u0119 od g\u0142osu 14 cz\u0142onk\u00f3w.<br \/>\nZatem uchwa\u0142a zosta\u0142a przyj\u0119ta, uchwa\u0142a stanowi za\u0142\u0105cznik nr 6 do protoko\u0142u.<\/p>\n<p style=\"text-align: justify;\">7. Za uchwa\u0142\u0105 nr 7\/WZ\/2024 udzielaj\u0105c\u0105 absolutorium cz\u0142onkowi Rady Nadzorczej pe\u0142ni\u0105cemu funkcj\u0119 cz\u0142onka Zarz\u0105du p.o. Zast\u0119pcy Prezesa Zarz\u0105du Sp\u00f3\u0142dzielni Marcinowi Szewczyk za okres od 27.06.2023 r. do 31.12.2023 r. g\u0142osowa\u0142o 149 cz\u0142onk\u00f3w, przeciw uchwale g\u0142osowa\u0142o 0 cz\u0142onk\u00f3w, wstrzyma\u0142o si\u0119 od g\u0142osu 6 cz\u0142onk\u00f3w.<br \/>\nZatem uchwa\u0142a zosta\u0142a przyj\u0119ta, uchwa\u0142a stanowi za\u0142\u0105cznik nr 7 do protoko\u0142u.<\/p>\n<p style=\"text-align: justify;\">8. Za uchwa\u0142\u0105 8\/WZ\/2024 w sprawie podzia\u0142u nadwy\u017cki bilansowej za 2023 rok g\u0142osowa\u0142o 139 cz\u0142onk\u00f3w, przeciw uchwale g\u0142osowa\u0142o 0 cz\u0142onk\u00f3w, wstrzyma\u0142o si\u0119 od g\u0142osu 4 cz\u0142onk\u00f3w.<br \/>\nZatem uchwa\u0142a zosta\u0142a przyj\u0119ta, uchwa\u0142a stanowi za\u0142\u0105cznik nr 8 do protoko\u0142u.<\/p>\n<p style=\"text-align: justify;\">9. Za uchwa\u0142\u0105 nr 9\/WZ\/2024 dotycz\u0105c\u0105 oznaczenia najwy\u017cszej sumy zobowi\u0105za\u0144 jak\u0105 Sp\u00f3\u0142dzielnia mo\u017ce zaci\u0105gn\u0105\u0107 g\u0142osowa\u0142o 128 cz\u0142onk\u00f3w, przeciw uchwale g\u0142osowa\u0142o 2 cz\u0142onk\u00f3w, wstrzyma\u0142o si\u0119 od g\u0142osu 8 cz\u0142onk\u00f3w.<br \/>\nZatem uchwa\u0142a zosta\u0142a przyj\u0119ta, uchwa\u0142a stanowi za\u0142\u0105cznik nr 9 do protoko\u0142u.<\/p>\n<p>Na tym protok\u00f3\u0142 zako\u0144czono i podpisano.<\/p>\n<p>Sekretarz W. Z. Przewodnicz\u0105cy W. Z.<\/p>\n<p>I cz\u0119\u015bci<\/p>\n<p>Agnieszka Kulesza<\/p>\n<p>Dorota Paczek<\/p>\n<p>II cz\u0119\u015bci<\/p>\n<p>Eugeniusz Dembi\u0144ski<\/p>\n<p>Damian Rosi\u0144ski<\/p>\n<p>III cz\u0119\u015bci<\/p>\n<p>Zofia Niemyjska \u2013 Polak<\/p>\n<p>Barbara B\u0142aszczyk<\/p>\n<p><a href=\"https:\/\/sbm.wolomin.pl\/wp-content\/uploads\/2024\/08\/Protokol-Kolegium-Walnego-Zgromadzenia-2024.pdf\">Protok\u00f3\u0142 Kolegium Walnego Zgromadzenia 2024 &#8211; pobierz<\/a><\/p>\n","protected":false},"excerpt":{"rendered":"<p>w sk\u0142adzie: Przewodnicz\u0105ca obrad I cz\u0119\u015bci Walnego Zgromadzenia &#8211; Dorota Paczek Sekretarz obrad I cz\u0119\u015bci Walnego Zgromadzenia &#8211; Agnieszka Kulesza Przewodnicz\u0105cy obrad II cz\u0119\u015bci Walnego&hellip; <\/p>\n","protected":false},"author":1,"featured_media":2339,"comment_status":"closed","ping_status":"closed","sticky":false,"template":"","format":"standard","meta":{"_jetpack_memberships_contains_paid_content":false,"footnotes":""},"categories":[30],"tags":[],"class_list":["post-2635","post","type-post","status-publish","format-standard","has-post-thumbnail","hentry","category-walne-zgromadzenie-2024"],"jetpack_featured_media_url":"https:\/\/sbm.wolomin.pl\/wp-content\/uploads\/2024\/04\/walne.jpg","jetpack_sharing_enabled":true,"publishpress_future_action":{"enabled":false,"date":"2026-05-06 08:47:20","action":"change-status","newStatus":"draft","terms":[],"taxonomy":"category","extraData":[]},"publishpress_future_workflow_manual_trigger":{"enabledWorkflows":[]},"_links":{"self":[{"href":"https:\/\/sbm.wolomin.pl\/index.php?rest_route=\/wp\/v2\/posts\/2635","targetHints":{"allow":["GET"]}}],"collection":[{"href":"https:\/\/sbm.wolomin.pl\/index.php?rest_route=\/wp\/v2\/posts"}],"about":[{"href":"https:\/\/sbm.wolomin.pl\/index.php?rest_route=\/wp\/v2\/types\/post"}],"author":[{"embeddable":true,"href":"https:\/\/sbm.wolomin.pl\/index.php?rest_route=\/wp\/v2\/users\/1"}],"replies":[{"embeddable":true,"href":"https:\/\/sbm.wolomin.pl\/index.php?rest_route=%2Fwp%2Fv2%2Fcomments&post=2635"}],"version-history":[{"count":1,"href":"https:\/\/sbm.wolomin.pl\/index.php?rest_route=\/wp\/v2\/posts\/2635\/revisions"}],"predecessor-version":[{"id":2636,"href":"https:\/\/sbm.wolomin.pl\/index.php?rest_route=\/wp\/v2\/posts\/2635\/revisions\/2636"}],"wp:featuredmedia":[{"embeddable":true,"href":"https:\/\/sbm.wolomin.pl\/index.php?rest_route=\/wp\/v2\/media\/2339"}],"wp:attachment":[{"href":"https:\/\/sbm.wolomin.pl\/index.php?rest_route=%2Fwp%2Fv2%2Fmedia&parent=2635"}],"wp:term":[{"taxonomy":"category","embeddable":true,"href":"https:\/\/sbm.wolomin.pl\/index.php?rest_route=%2Fwp%2Fv2%2Fcategories&post=2635"},{"taxonomy":"post_tag","embeddable":true,"href":"https:\/\/sbm.wolomin.pl\/index.php?rest_route=%2Fwp%2Fv2%2Ftags&post=2635"}],"curies":[{"name":"wp","href":"https:\/\/api.w.org\/{rel}","templated":true}]}}